{"id":120,"date":"2011-06-03T16:33:58","date_gmt":"2011-06-03T16:33:58","guid":{"rendered":"http:\/\/foccosti.com.br\/blog\/?p=76"},"modified":"2011-06-03T16:33:58","modified_gmt":"2011-06-03T16:33:58","slug":"geracao-xyz-ou-m","status":"publish","type":"post","link":"https:\/\/foccosti.com.br\/site\/geracao-xyz-ou-m\/","title":{"rendered":"Gera\u00e7\u00e3o X, Y, Z ou M?"},"content":{"rendered":"<p>Gera\u00e7\u00f5es X e Y<\/p>\n<p>At\u00e9 pouco tempo atr\u00e1s, livros e filmes ainda falavam da Gera\u00e7\u00e3o X, aquela que substituiu os yuppies dos anos 80. Recentemente, o mercado publicit\u00e1rio saudou a maioridade da Gera\u00e7\u00e3o Y, formada pelos jovens nascidos do meio para o fim da d\u00e9cada de 70, que assistiram \u00e0 revolu\u00e7\u00e3o tecnol\u00f3gica. Esses adolescentes da metade dos anos 90 eram consumistas n\u00e3o&#8230; de roupas, e sim de traquitanas eletr\u00f4nicas. Agora, come\u00e7a-se a falar na Gera\u00e7\u00e3o Z, que engloba os nascidos em meados da d\u00e9cada de 80.<\/p>\n<p>Gera\u00e7\u00e3o z<a ref=\"magnificPopup\" href=\"http:\/\/foccosti.com.br\/blog\/wp-content\/uploads\/2011\/06\/GERACAO-Y-GERACAO-DO-MILENIO-GERACAO-DA-INTERNET.jpg\"><\/a><\/p>\n<p>Diferentemente de seus pais, sentem-se \u00e0 vontade quando ligam ao mesmo tempo a televis\u00e3o, o r\u00e1dio, o telefone, m\u00fasica e internet. Enquanto os demais buscam adquirir informa\u00e7\u00e3o, o desafio que se apresenta \u00e0 Gera\u00e7\u00e3o Z \u00e9 de outra natureza. Ela precisa aprender a selecionar e separar o joio do trigo. Em meio \u00e0 abund\u00e2ncia de informa\u00e7\u00e3o a qual est\u00e1 exposta, \u00e9 necess\u00e1rio saber utiliz\u00e1-la da melhor forma poss\u00edvel. O conceito de Gera\u00e7\u00e3o Z, mescla-se ao conceito de gera\u00e7\u00e3o M.<\/p>\n<p>Gera\u00e7\u00e3o M<\/p>\n<p>A tecnologia e a internet criaram um novo r\u00f3tulo para os jovens dos dias de hoje, a gera\u00e7\u00e3o M. Esse novo r\u00f3tulo surgiu de um estudo da Kaiser Family Foundation em 2005, chamado, \u201cGeneration M\u201d. Essa pesquisa foi financiada pela Kaiser Family Fundation e dirigida pela Stanford University. Segundo essa pesquisa a Gera\u00e7\u00e3o M \u00e9 aquela que tem capacidade de fazer muitas coisas ao mesmo tempo. Estamos falando de uma nova gera\u00e7\u00e3o nascida e\/ou criada junto com a internet, jovens na faixa dos 20 anos ou menos, que desdobram seu browser em diversas abas ou janelas, conversam com v\u00e1rias pessoas on-line atrav\u00e9s do msn, ouvem m\u00fasica no mp3 player ou assistem \u00e0 TV, tentam estudar ou trabalhar, tudo isso ao mesmo tempo, sem contar o celular que fica por perto na espera de qualquer liga\u00e7\u00e3o. Multiplicam suas aten\u00e7\u00f5es para acompanhar, ou tentar acompanhar, a intensa velocidade do mundo moderno. Gera\u00e7\u00e3o Internet, iGera\u00e7\u00e3o, NetGen (Net Generation), Gera\u00e7\u00e3o D (Digital), Gera\u00e7\u00e3o Agora. Os nomes s\u00e3o diversos, e talvez por essa mesma diversidade que a melhor defini\u00e7\u00e3o acaba sendo Gera\u00e7\u00e3o M: multiatarefados, multiconectados, multiestimulados, multi-informados.<a ref=\"magnificPopup\" href=\"http:\/\/foccosti.com.br\/blog\/wp-content\/uploads\/2011\/06\/GERACAO-Y-GERACAO-DO-MILENIO-GERACAO-DA-INTERNET.jpg\"><img loading=\"lazy\" class=\"alignright size-medium wp-image-77\" title=\"The small businessman\" src=\"http:\/\/foccosti.com.br\/blog\/wp-content\/uploads\/2011\/06\/GERACAO-Y-GERACAO-DO-MILENIO-GERACAO-DA-INTERNET-300x199.jpg\" alt=\"\" width=\"300\" height=\"199\" \/><\/a><\/p>\n","protected":false},"excerpt":{"rendered":"<p>Gera\u00e7\u00f5es X e Y At\u00e9 pouco tempo atr\u00e1s, livros e filmes ainda falavam da Gera\u00e7\u00e3o X, aquela que substituiu os yuppies dos anos 80. Recentemente, o mercado&#8230;<\/p>\n","protected":false},"author":1,"featured_media":77,"comment_status":"open","ping_status":"open","sticky":false,"template":"","format":"standard","meta":[],"categories":[6],"tags":[25],"yoast_head":"\n<title>Gera\u00e7\u00e3o X, Y, Z ou M? - Foccos Tecnologia<\/title>\n<meta name=\"robots\" content=\"index, follow, max-snippet:-1, max-image-preview:large, max-video-preview:-1\" \/>\n<link rel=\"canonical\" href=\"https:\/\/foccosti.com.br\/site\/geracao-xyz-ou-m\/\" \/>\n<meta name=\"twitter:label1\" content=\"Escrito por\" \/>\n\t<meta name=\"twitter:data1\" content=\"foccosti\" \/>\n\t<meta name=\"twitter:label2\" content=\"Est. tempo de leitura\" \/>\n\t<meta name=\"twitter:data2\" content=\"2 minutos\" \/>\n<script type=\"application\/ld+json\" class=\"yoast-schema-graph\">{\"@context\":\"https:\/\/schema.org\",\"@graph\":[{\"@type\":\"WebSite\",\"@id\":\"https:\/\/foccosti.com.br\/site\/#website\",\"url\":\"https:\/\/foccosti.com.br\/site\/\",\"name\":\"Foccos Tecnologia\",\"description\":\"Foccos Tecnologia - Web Site - Loja Virtual - E-commerce - Uberaba - Web Design - Sistema de Gest\u00e3o - CRM - ERP\",\"potentialAction\":[{\"@type\":\"SearchAction\",\"target\":{\"@type\":\"EntryPoint\",\"urlTemplate\":\"https:\/\/foccosti.com.br\/site\/?s={search_term_string}\"},\"query-input\":\"required name=search_term_string\"}],\"inLanguage\":\"pt-BR\"},{\"@type\":\"WebPage\",\"@id\":\"https:\/\/foccosti.com.br\/site\/geracao-xyz-ou-m\/\",\"url\":\"https:\/\/foccosti.com.br\/site\/geracao-xyz-ou-m\/\",\"name\":\"Gera\u00e7\u00e3o X, Y, Z ou M? - Foccos Tecnologia\",\"isPartOf\":{\"@id\":\"https:\/\/foccosti.com.br\/site\/#website\"},\"datePublished\":\"2011-06-03T16:33:58+00:00\",\"dateModified\":\"2011-06-03T16:33:58+00:00\",\"author\":{\"@id\":\"https:\/\/foccosti.com.br\/site\/#\/schema\/person\/d3b42895a505d5218d710bcda538dfc7\"},\"breadcrumb\":{\"@id\":\"https:\/\/foccosti.com.br\/site\/geracao-xyz-ou-m\/#breadcrumb\"},\"inLanguage\":\"pt-BR\",\"potentialAction\":[{\"@type\":\"ReadAction\",\"target\":[\"https:\/\/foccosti.com.br\/site\/geracao-xyz-ou-m\/\"]}]},{\"@type\":\"BreadcrumbList\",\"@id\":\"https:\/\/foccosti.com.br\/site\/geracao-xyz-ou-m\/#breadcrumb\",\"itemListElement\":[{\"@type\":\"ListItem\",\"position\":1,\"name\":\"Gera\u00e7\u00e3o X, Y, Z ou M?\"}]},{\"@type\":\"Person\",\"@id\":\"https:\/\/foccosti.com.br\/site\/#\/schema\/person\/d3b42895a505d5218d710bcda538dfc7\",\"name\":\"foccosti\",\"image\":{\"@type\":\"ImageObject\",\"inLanguage\":\"pt-BR\",\"@id\":\"https:\/\/foccosti.com.br\/site\/#\/schema\/person\/image\/\",\"url\":\"https:\/\/secure.gravatar.com\/avatar\/03b0fbeca47b31959561a517dc89a9a8?s=96&d=mm&r=g\",\"contentUrl\":\"https:\/\/secure.gravatar.com\/avatar\/03b0fbeca47b31959561a517dc89a9a8?s=96&d=mm&r=g\",\"caption\":\"foccosti\"},\"sameAs\":[\"https:\/\/www.facebook.com\/foccosti\"],\"url\":\"https:\/\/foccosti.com.br\/site\/author\/foccosti\/\"}]}<\/script>\n","yoast_head_json":{"title":"Gera\u00e7\u00e3o X, Y, Z ou M? - Foccos Tecnologia","robots":{"index":"index","follow":"follow","max-snippet":"max-snippet:-1","max-image-preview":"max-image-preview:large","max-video-preview":"max-video-preview:-1"},"canonical":"https:\/\/foccosti.com.br\/site\/geracao-xyz-ou-m\/","twitter_misc":{"Escrito por":"foccosti","Est. tempo de leitura":"2 minutos"},"schema":{"@context":"https:\/\/schema.org","@graph":[{"@type":"WebSite","@id":"https:\/\/foccosti.com.br\/site\/#website","url":"https:\/\/foccosti.com.br\/site\/","name":"Foccos Tecnologia","description":"Foccos Tecnologia - Web Site - Loja Virtual - E-commerce - Uberaba - Web Design - Sistema de Gest\u00e3o - CRM - ERP","potentialAction":[{"@type":"SearchAction","target":{"@type":"EntryPoint","urlTemplate":"https:\/\/foccosti.com.br\/site\/?s={search_term_string}"},"query-input":"required name=search_term_string"}],"inLanguage":"pt-BR"},{"@type":"WebPage","@id":"https:\/\/foccosti.com.br\/site\/geracao-xyz-ou-m\/","url":"https:\/\/foccosti.com.br\/site\/geracao-xyz-ou-m\/","name":"Gera\u00e7\u00e3o X, Y, Z ou M? - Foccos Tecnologia","isPartOf":{"@id":"https:\/\/foccosti.com.br\/site\/#website"},"datePublished":"2011-06-03T16:33:58+00:00","dateModified":"2011-06-03T16:33:58+00:00","author":{"@id":"https:\/\/foccosti.com.br\/site\/#\/schema\/person\/d3b42895a505d5218d710bcda538dfc7"},"breadcrumb":{"@id":"https:\/\/foccosti.com.br\/site\/geracao-xyz-ou-m\/#breadcrumb"},"inLanguage":"pt-BR","potentialAction":[{"@type":"ReadAction","target":["https:\/\/foccosti.com.br\/site\/geracao-xyz-ou-m\/"]}]},{"@type":"BreadcrumbList","@id":"https:\/\/foccosti.com.br\/site\/geracao-xyz-ou-m\/#breadcrumb","itemListElement":[{"@type":"ListItem","position":1,"name":"Gera\u00e7\u00e3o X, Y, Z ou M?"}]},{"@type":"Person","@id":"https:\/\/foccosti.com.br\/site\/#\/schema\/person\/d3b42895a505d5218d710bcda538dfc7","name":"foccosti","image":{"@type":"ImageObject","inLanguage":"pt-BR","@id":"https:\/\/foccosti.com.br\/site\/#\/schema\/person\/image\/","url":"https:\/\/secure.gravatar.com\/avatar\/03b0fbeca47b31959561a517dc89a9a8?s=96&d=mm&r=g","contentUrl":"https:\/\/secure.gravatar.com\/avatar\/03b0fbeca47b31959561a517dc89a9a8?s=96&d=mm&r=g","caption":"foccosti"},"sameAs":["https:\/\/www.facebook.com\/foccosti"],"url":"https:\/\/foccosti.com.br\/site\/author\/foccosti\/"}]}},"_links":{"self":[{"href":"https:\/\/foccosti.com.br\/site\/wp-json\/wp\/v2\/posts\/120"}],"collection":[{"href":"https:\/\/foccosti.com.br\/site\/wp-json\/wp\/v2\/posts"}],"about":[{"href":"https:\/\/foccosti.com.br\/site\/wp-json\/wp\/v2\/types\/post"}],"author":[{"embeddable":true,"href":"https:\/\/foccosti.com.br\/site\/wp-json\/wp\/v2\/users\/1"}],"replies":[{"embeddable":true,"href":"https:\/\/foccosti.com.br\/site\/wp-json\/wp\/v2\/comments?post=120"}],"version-history":[{"count":0,"href":"https:\/\/foccosti.com.br\/site\/wp-json\/wp\/v2\/posts\/120\/revisions"}],"wp:featuredmedia":[{"embeddable":true,"href":"https:\/\/foccosti.com.br\/site\/wp-json\/wp\/v2\/media\/77"}],"wp:attachment":[{"href":"https:\/\/foccosti.com.br\/site\/wp-json\/wp\/v2\/media?parent=120"}],"wp:term":[{"taxonomy":"category","embeddable":true,"href":"https:\/\/foccosti.com.br\/site\/wp-json\/wp\/v2\/categories?post=120"},{"taxonomy":"post_tag","embeddable":true,"href":"https:\/\/foccosti.com.br\/site\/wp-json\/wp\/v2\/tags?post=120"}],"curies":[{"name":"wp","href":"https:\/\/api.w.org\/{rel}","templated":true}]}}