{"id":121,"date":"2011-06-06T08:23:16","date_gmt":"2011-06-06T11:23:16","guid":{"rendered":"http:\/\/foccosti.com.br\/blog\/?p=84"},"modified":"2011-06-06T08:23:16","modified_gmt":"2011-06-06T11:23:16","slug":"outlook-tera-integracao-com-facebook","status":"publish","type":"post","link":"https:\/\/foccosti.com.br\/site\/outlook-tera-integracao-com-facebook\/","title":{"rendered":"Outlook ter\u00e1 integra\u00e7\u00e3o com Facebook"},"content":{"rendered":"<table border=\"0\" cellspacing=\"0\" cellpadding=\"0\" width=\"100%\">\n<tbody>\n<tr>\n<td>por Antone Gonsalves | InformationWeek EUA<\/td>\n<\/tr>\n<tr>\n<td>15\/07\/2010<\/td>\n<\/tr>\n<tr>\n<td><\/td>\n<\/tr>\n<tr>\n<td><em>Adi\u00e7\u00e3o de suporte \u00e0 rede social vem para tornar software de e-mail em um hub de comunica\u00e7\u00e3o no desktop<\/em><\/td>\n<\/tr>\n<tr>\n<td><\/td>\n<\/tr>\n<tr>\n<td>A Microsoft atualizou o plug-in Outlook Social Connector para permitir aos usu\u00e1rios acompanharem status, fotos e postagens no Facebook por meio do e-mail client. O conector funcionar\u00e1 nas vers\u00f5es 2003, 2007 e 2010 do software de correio eletr\u00f4nico da fabricante. Outra funcionalidade do plug-in&#8230;&nbsp;<\/p>\n<p>ser\u00e1 ligar os amigos da rede social com os contatos do Outlook.<\/p>\n<p>No in\u00edcio deste ano, a Microsoft j\u00e1 havia inserido no Social Connector o LinkedIn e o MySpace. Em junho, a companhia lan\u00e7ou o plug-in TwInbox que possibilita seguir as postagem do Twitter pelo Outlook.<\/p>\n<p>As atualiza\u00e7\u00f5es das redes sociais aparecem na caixa de entrada do Outlook. Na quarta-feira (14\/07), a Microsoft apresentou a vers\u00e3o 1.1 do Social Connector que d\u00e1 aos usu\u00e1rios a habilidade de receber atualiza\u00e7\u00f5es em tempo real no &#8220;People Pane&#8221;.<\/p>\n<p>A estrat\u00e9gia da fabricante em adicionar o suporte \u00e0s redes sociais ao Outlook tem como objetivo converter o software de e-mail em um hub de comunica\u00e7\u00e3o dentro do desktop. Ao menos 67% dos usu\u00e1rios de internet em todo o mundo visitam redes sociais e blogs, de acordo com a Nielsen.<\/p>\n<p>A Microsoft n\u00e3o \u00e9 a primeira a expandir um e-mail cliente para m\u00eddias sociais. O Yahoo levou esta possibilidade ao incluir as atualiza\u00e7\u00f5es do Facebook em seu e-mail no in\u00edcio deste ano.<\/p>\n<p>O Social Connector disponibiliza as informa\u00e7\u00f5es de contatos do Facebook no Outlook, mas n\u00e3o permite que os usu\u00e1rios postem a mesma informa\u00e7\u00e3o na rede social. Al\u00e9m disso, o software reflete as pol\u00edticas de privacidade da rede social. A Microsoft informou ainda que pretende integrar todas as redes sociais existentes em vez de desenvolver uma nova, algo que o Google tem feito com o Buzz.<\/p>\n<p>Com o crescimento do uso de redes sociais, as companhias observam um aumento no n\u00famero de funcion\u00e1rios que acessam esses sites durante o per\u00edodo de trabalho. Um recente estudo patrocinado pela Cisco, com 512 tomadores de decis\u00e3o em TI nos Estados Unidos, Jap\u00e3o, Alemanha, China e \u00cdndia, revelou que 56% disseram que seus empregados usam aplica\u00e7\u00f5es n\u00e3o-suportadas. Desses, 68% estavam usando redes sociais.<\/td>\n<\/tr>\n<\/tbody>\n<\/table>\n","protected":false},"excerpt":{"rendered":"<p>por Antone Gonsalves | InformationWeek EUA 15\/07\/2010 Adi\u00e7\u00e3o de suporte \u00e0 rede social vem para tornar software de e-mail em um hub de comunica\u00e7\u00e3o no desktop A&#8230;<\/p>\n","protected":false},"author":1,"featured_media":0,"comment_status":"open","ping_status":"open","sticky":false,"template":"","format":"standard","meta":[],"categories":[5],"tags":[105,33],"yoast_head":"\n<title>Outlook ter\u00e1 integra\u00e7\u00e3o com Facebook - Foccos Tecnologia<\/title>\n<meta name=\"robots\" content=\"index, follow, max-snippet:-1, max-image-preview:large, max-video-preview:-1\" \/>\n<link rel=\"canonical\" href=\"https:\/\/foccosti.com.br\/site\/outlook-tera-integracao-com-facebook\/\" \/>\n<meta name=\"twitter:label1\" content=\"Escrito por\" \/>\n\t<meta name=\"twitter:data1\" content=\"foccosti\" \/>\n\t<meta name=\"twitter:label2\" content=\"Est. tempo de leitura\" \/>\n\t<meta name=\"twitter:data2\" content=\"2 minutos\" \/>\n<script type=\"application\/ld+json\" class=\"yoast-schema-graph\">{\"@context\":\"https:\/\/schema.org\",\"@graph\":[{\"@type\":\"WebSite\",\"@id\":\"https:\/\/foccosti.com.br\/site\/#website\",\"url\":\"https:\/\/foccosti.com.br\/site\/\",\"name\":\"Foccos Tecnologia\",\"description\":\"Foccos Tecnologia - Web Site - Loja Virtual - E-commerce - Uberaba - Web Design - Sistema de Gest\u00e3o - CRM - ERP\",\"potentialAction\":[{\"@type\":\"SearchAction\",\"target\":{\"@type\":\"EntryPoint\",\"urlTemplate\":\"https:\/\/foccosti.com.br\/site\/?s={search_term_string}\"},\"query-input\":\"required name=search_term_string\"}],\"inLanguage\":\"pt-BR\"},{\"@type\":\"WebPage\",\"@id\":\"https:\/\/foccosti.com.br\/site\/outlook-tera-integracao-com-facebook\/\",\"url\":\"https:\/\/foccosti.com.br\/site\/outlook-tera-integracao-com-facebook\/\",\"name\":\"Outlook ter\u00e1 integra\u00e7\u00e3o com Facebook - Foccos Tecnologia\",\"isPartOf\":{\"@id\":\"https:\/\/foccosti.com.br\/site\/#website\"},\"datePublished\":\"2011-06-06T11:23:16+00:00\",\"dateModified\":\"2011-06-06T11:23:16+00:00\",\"author\":{\"@id\":\"https:\/\/foccosti.com.br\/site\/#\/schema\/person\/d3b42895a505d5218d710bcda538dfc7\"},\"breadcrumb\":{\"@id\":\"https:\/\/foccosti.com.br\/site\/outlook-tera-integracao-com-facebook\/#breadcrumb\"},\"inLanguage\":\"pt-BR\",\"potentialAction\":[{\"@type\":\"ReadAction\",\"target\":[\"https:\/\/foccosti.com.br\/site\/outlook-tera-integracao-com-facebook\/\"]}]},{\"@type\":\"BreadcrumbList\",\"@id\":\"https:\/\/foccosti.com.br\/site\/outlook-tera-integracao-com-facebook\/#breadcrumb\",\"itemListElement\":[{\"@type\":\"ListItem\",\"position\":1,\"name\":\"Outlook ter\u00e1 integra\u00e7\u00e3o com Facebook\"}]},{\"@type\":\"Person\",\"@id\":\"https:\/\/foccosti.com.br\/site\/#\/schema\/person\/d3b42895a505d5218d710bcda538dfc7\",\"name\":\"foccosti\",\"image\":{\"@type\":\"ImageObject\",\"inLanguage\":\"pt-BR\",\"@id\":\"https:\/\/foccosti.com.br\/site\/#\/schema\/person\/image\/\",\"url\":\"https:\/\/secure.gravatar.com\/avatar\/03b0fbeca47b31959561a517dc89a9a8?s=96&d=mm&r=g\",\"contentUrl\":\"https:\/\/secure.gravatar.com\/avatar\/03b0fbeca47b31959561a517dc89a9a8?s=96&d=mm&r=g\",\"caption\":\"foccosti\"},\"sameAs\":[\"https:\/\/www.facebook.com\/foccosti\"],\"url\":\"https:\/\/foccosti.com.br\/site\/author\/foccosti\/\"}]}<\/script>\n","yoast_head_json":{"title":"Outlook ter\u00e1 integra\u00e7\u00e3o com Facebook - Foccos Tecnologia","robots":{"index":"index","follow":"follow","max-snippet":"max-snippet:-1","max-image-preview":"max-image-preview:large","max-video-preview":"max-video-preview:-1"},"canonical":"https:\/\/foccosti.com.br\/site\/outlook-tera-integracao-com-facebook\/","twitter_misc":{"Escrito por":"foccosti","Est. tempo de leitura":"2 minutos"},"schema":{"@context":"https:\/\/schema.org","@graph":[{"@type":"WebSite","@id":"https:\/\/foccosti.com.br\/site\/#website","url":"https:\/\/foccosti.com.br\/site\/","name":"Foccos Tecnologia","description":"Foccos Tecnologia - Web Site - Loja Virtual - E-commerce - Uberaba - Web Design - Sistema de Gest\u00e3o - CRM - ERP","potentialAction":[{"@type":"SearchAction","target":{"@type":"EntryPoint","urlTemplate":"https:\/\/foccosti.com.br\/site\/?s={search_term_string}"},"query-input":"required name=search_term_string"}],"inLanguage":"pt-BR"},{"@type":"WebPage","@id":"https:\/\/foccosti.com.br\/site\/outlook-tera-integracao-com-facebook\/","url":"https:\/\/foccosti.com.br\/site\/outlook-tera-integracao-com-facebook\/","name":"Outlook ter\u00e1 integra\u00e7\u00e3o com Facebook - Foccos Tecnologia","isPartOf":{"@id":"https:\/\/foccosti.com.br\/site\/#website"},"datePublished":"2011-06-06T11:23:16+00:00","dateModified":"2011-06-06T11:23:16+00:00","author":{"@id":"https:\/\/foccosti.com.br\/site\/#\/schema\/person\/d3b42895a505d5218d710bcda538dfc7"},"breadcrumb":{"@id":"https:\/\/foccosti.com.br\/site\/outlook-tera-integracao-com-facebook\/#breadcrumb"},"inLanguage":"pt-BR","potentialAction":[{"@type":"ReadAction","target":["https:\/\/foccosti.com.br\/site\/outlook-tera-integracao-com-facebook\/"]}]},{"@type":"BreadcrumbList","@id":"https:\/\/foccosti.com.br\/site\/outlook-tera-integracao-com-facebook\/#breadcrumb","itemListElement":[{"@type":"ListItem","position":1,"name":"Outlook ter\u00e1 integra\u00e7\u00e3o com Facebook"}]},{"@type":"Person","@id":"https:\/\/foccosti.com.br\/site\/#\/schema\/person\/d3b42895a505d5218d710bcda538dfc7","name":"foccosti","image":{"@type":"ImageObject","inLanguage":"pt-BR","@id":"https:\/\/foccosti.com.br\/site\/#\/schema\/person\/image\/","url":"https:\/\/secure.gravatar.com\/avatar\/03b0fbeca47b31959561a517dc89a9a8?s=96&d=mm&r=g","contentUrl":"https:\/\/secure.gravatar.com\/avatar\/03b0fbeca47b31959561a517dc89a9a8?s=96&d=mm&r=g","caption":"foccosti"},"sameAs":["https:\/\/www.facebook.com\/foccosti"],"url":"https:\/\/foccosti.com.br\/site\/author\/foccosti\/"}]}},"_links":{"self":[{"href":"https:\/\/foccosti.com.br\/site\/wp-json\/wp\/v2\/posts\/121"}],"collection":[{"href":"https:\/\/foccosti.com.br\/site\/wp-json\/wp\/v2\/posts"}],"about":[{"href":"https:\/\/foccosti.com.br\/site\/wp-json\/wp\/v2\/types\/post"}],"author":[{"embeddable":true,"href":"https:\/\/foccosti.com.br\/site\/wp-json\/wp\/v2\/users\/1"}],"replies":[{"embeddable":true,"href":"https:\/\/foccosti.com.br\/site\/wp-json\/wp\/v2\/comments?post=121"}],"version-history":[{"count":0,"href":"https:\/\/foccosti.com.br\/site\/wp-json\/wp\/v2\/posts\/121\/revisions"}],"wp:attachment":[{"href":"https:\/\/foccosti.com.br\/site\/wp-json\/wp\/v2\/media?parent=121"}],"wp:term":[{"taxonomy":"category","embeddable":true,"href":"https:\/\/foccosti.com.br\/site\/wp-json\/wp\/v2\/categories?post=121"},{"taxonomy":"post_tag","embeddable":true,"href":"https:\/\/foccosti.com.br\/site\/wp-json\/wp\/v2\/tags?post=121"}],"curies":[{"name":"wp","href":"https:\/\/api.w.org\/{rel}","templated":true}]}}